{"id":3483,"date":"2014-03-25T18:55:35","date_gmt":"2014-03-26T01:55:35","guid":{"rendered":"https:\/\/unfinishedsentences.org\/david-morales-no-hay-excusas-para-seguir-negando-justicia-a-victimas\/"},"modified":"2014-03-25T18:55:35","modified_gmt":"2014-03-26T01:55:35","slug":"david-morales-no-hay-excusas-para-seguir-negando-justicia-a-victimas","status":"publish","type":"post","link":"https:\/\/unfinishedsentences.org\/es\/david-morales-no-hay-excusas-para-seguir-negando-justicia-a-victimas\/","title":{"rendered":"David Morales: \u00abNo hay excusas para seguir negando justicia a v\u00edctimas\u00bb"},"content":{"rendered":"<p><em><strong>Organizaciones de DD.HH. llaman a PDH a exigir investigaciones, declaraci\u00f3n sobre constitucionalidad de amnist\u00eda<\/strong><\/em><\/p>\n<figure id=\"attachment_442\" aria-describedby=\"caption-attachment-442\" style=\"width: 300px\" class=\"wp-caption aligncenter\"><a class=\"highlight-fix\" href=\"https:\/\/www.facebook.com\/media\/set\/?set=a.640574509348045.1073741875.463323183739846&amp;type=1\"><img data-recalc-dims=\"1\" loading=\"lazy\" decoding=\"async\" class=\"size-medium wp-image-442\" src=\"https:\/\/i0.wp.com\/unfinishedsentences.org\/wp-content\/uploads\/2014\/03\/24marzoPDH-300x200.jpg?resize=300%2C200\" alt=\"Photo: Asociaci\u00f3n Pro-Busqueda\" width=\"300\" height=\"200\" srcset=\"https:\/\/i0.wp.com\/unfinishedsentences.org\/wp-content\/uploads\/2014\/03\/24marzoPDH.jpg?resize=300%2C200&amp;ssl=1 300w, https:\/\/i0.wp.com\/unfinishedsentences.org\/wp-content\/uploads\/2014\/03\/24marzoPDH.jpg?resize=400%2C267&amp;ssl=1 400w, https:\/\/i0.wp.com\/unfinishedsentences.org\/wp-content\/uploads\/2014\/03\/24marzoPDH.jpg?w=960&amp;ssl=1 960w\" sizes=\"auto, (max-width: 300px) 85vw, 300px\" \/><\/a><figcaption id=\"caption-attachment-442\" class=\"wp-caption-text\">Foto: Asociaci\u00f3n Pro-Busqueda<\/figcaption><\/figure>\n<p>En el XXXIV aniversario del asesinato del Arzobispo \u00d3scar Romero, las organizaciones de derechos humanos salvadore\u00f1os llamaron a la intervenci\u00f3n del Procurador de Derechos Humanos David Morales a para asegurar la pronta respuesta del sistema de justicia a las peticiones de las y los v\u00edctimas de cr\u00edmenes de lesa humanidad.<\/p>\n<p>En representaci\u00f3n de v\u00edctimas y sobrevivientes de todo el pa\u00eds, las organizaciones Asociaci\u00f3n Pro-B\u00fasqueda, la Fundaci\u00f3n para el Estudio y Aplicaci\u00f3n del Derecho (FESPAD), la Instituci\u00f3n de Derechos Humanos de la Universidad Centroamericana (IDHUCA), y Tutela Legal Mar\u00eda Julia Hern\u00e1ndez pidieron al Procurador que dirige oficios a la Fiscal\u00eda General de la Rep\u00fablica para exigir la investigaci\u00f3n de denuncias de violaciones a los derechos humanos, y al Corte Supremo de Justicia que declare sobre la constitucionalidad de la ley de amnist\u00eda.<\/p>\n<p>Hoy las organizaciones pretenden llevar su mensaje directamente al Corte Supremo de Justicia, casi un a\u00f1o despu\u00e9s de interponer una demanda de inconstitucionalidad en contra de la ley de amnist\u00eda, que ha servido para impedir juicios para violaciones de derechos humanos cometidos durante la guerra civil. <a href=\"http:\/\/www.uca.edu.sv\/noticias\/texto-2815\" target=\"_blank\" rel=\"noopener\">Seg\u00fan Mar\u00eda Silvia Guillen, directora de FESPAD,<\/a> con estas acciones \u201cse trata de empujar a la institucionalidad del Estado para que cumpla sus obligaciones,\u201d y que \u201cpareciera que las instituciones no caminan al paso de la justicia, sino de otros intereses y de la impunidad.\u201d<\/p>\n<p>En declaraciones compartidas por medio de Twitter, el Procurador de Derechos Humanos David Morales dijo, \u201cNo hay excusas para seguir negando justicia a v\u00edctimas de derechos humanos,\u201d y hizo notar que \u201c[la Corte Suprema de Justicia] ya estableci\u00f3 que Amnist\u00eda no aplica a graves violaciones\u201d a los derechos humanos.<\/p>\n<blockquote class=\"twitter-tweet\" lang=\"es\"><p>No hay excusas para seguir negando justicia a v\u00edctimas de derechos humanos dice Procurador.<\/p>\n<p>\u2014 PDDH El Salvador (@PDDHElSalvador) <a href=\"https:\/\/twitter.com\/PDDHElSalvador\/statuses\/448489602731737088\">March 25, 2014<\/a><\/p><\/blockquote>\n<p><script charset=\"utf-8\"><\/script><\/p>\n<blockquote class=\"twitter-tweet\" lang=\"es\"><p>\nProcurador dice que CSJ ya estableci\u00f3 que Amnist\u00eda no aplica a graves violaciones a DH<\/p>\n<p>\u2014 PDDH El Salvador (@PDDHElSalvador) <a href=\"https:\/\/twitter.com\/PDDHElSalvador\/statuses\/448488186483081217\">March 25, 2014<\/a>\n<\/p><\/blockquote>\n<p><script charset=\"utf-8\"><\/script><\/p>\n<p>Sin embargo, apenas se han comenzado a investigar algunas de las m\u00e1s brutales masacres cometidos por las fuerzas estatales, y muchos sobrevivientes y v\u00edctimas siguen sin respuesta oficial a sus denuncias legales.<\/p>\n","protected":false},"excerpt":{"rendered":"<p>Organizaciones de DD.HH. llaman a PDH a exigir investigaciones, declaraci\u00f3n sobre constitucionalidad de amnist\u00eda En el XXXIV aniversario del asesinato del Arzobispo \u00d3scar Romero, las organizaciones de derechos humanos salvadore\u00f1os llamaron a la intervenci\u00f3n del Procurador de Derechos Humanos David Morales a para asegurar la pronta respuesta del sistema de justicia a las peticiones de<\/p>\n","protected":false},"author":6,"featured_media":3629,"comment_status":"closed","ping_status":"closed","sticky":false,"template":"","format":"standard","meta":{"_acf_changed":false,"_jetpack_memberships_contains_paid_content":false,"footnotes":""},"categories":[],"tags":[],"class_list":["post-3483","post","type-post","status-publish","format-standard","has-post-thumbnail","hentry"],"acf":[],"jetpack_featured_media_url":"https:\/\/i0.wp.com\/unfinishedsentences.org\/wp-content\/uploads\/2014\/03\/24marzoPDH.jpg?fit=960%2C640&ssl=1","jetpack_sharing_enabled":true,"_links":{"self":[{"href":"https:\/\/unfinishedsentences.org\/es\/wp-json\/wp\/v2\/posts\/3483","targetHints":{"allow":["GET"]}}],"collection":[{"href":"https:\/\/unfinishedsentences.org\/es\/wp-json\/wp\/v2\/posts"}],"about":[{"href":"https:\/\/unfinishedsentences.org\/es\/wp-json\/wp\/v2\/types\/post"}],"author":[{"embeddable":true,"href":"https:\/\/unfinishedsentences.org\/es\/wp-json\/wp\/v2\/users\/6"}],"replies":[{"embeddable":true,"href":"https:\/\/unfinishedsentences.org\/es\/wp-json\/wp\/v2\/comments?post=3483"}],"version-history":[{"count":0,"href":"https:\/\/unfinishedsentences.org\/es\/wp-json\/wp\/v2\/posts\/3483\/revisions"}],"wp:featuredmedia":[{"embeddable":true,"href":"https:\/\/unfinishedsentences.org\/es\/wp-json\/wp\/v2\/media\/3629"}],"wp:attachment":[{"href":"https:\/\/unfinishedsentences.org\/es\/wp-json\/wp\/v2\/media?parent=3483"}],"wp:term":[{"taxonomy":"category","embeddable":true,"href":"https:\/\/unfinishedsentences.org\/es\/wp-json\/wp\/v2\/categories?post=3483"},{"taxonomy":"post_tag","embeddable":true,"href":"https:\/\/unfinishedsentences.org\/es\/wp-json\/wp\/v2\/tags?post=3483"}],"curies":[{"name":"wp","href":"https:\/\/api.w.org\/{rel}","templated":true}]}}